{"id":6951,"date":"2024-08-20T13:02:24","date_gmt":"2024-08-20T11:02:24","guid":{"rendered":"https:\/\/www.annejacqueminsablon.fr\/uncategorized\/stephanie-balini\/"},"modified":"2024-12-20T15:57:01","modified_gmt":"2024-12-20T14:57:01","slug":"stephanie-balini","status":"publish","type":"post","link":"https:\/\/www.annejacqueminsablon.fr\/en\/partnership\/stephanie-balini\/","title":{"rendered":"St\u00e9phanie Balini"},"content":{"rendered":"<p><strong>Anne Jacquemin Sablon is delighted to announce its new collaboration with St\u00e9phanie Balini.<\/strong><\/p>\n<p>St\u00e9phanie Balini is an artist and designer who graduated from the Arts D\u00e9coratifs de Paris and is based in Paris.<\/p>\n<p>Through her creations, St\u00e9phanie Balini has distinguished herself in various fields of excellence, such as traditional crystal and glass techniques, furniture cabinet-making, saddlery and bronze casting patina. St\u00e9phanie Balini has also had significant encounters with leading luxury brands and designers, helping to shape the character of her creations.<\/p>\n<p>Her Studio SBALINI specialises in high-end residential and hotel projects, but the artist has also launched her own luxury furniture collections, comprising lighting, furniture, sculptures and made-to-measure pieces. St\u00e9phanie Balini occasionally works with Balini Associ\u00e9s Architecture on various interior design projects.<\/p>\n<figure id=\"attachment_6955\" aria-describedby=\"caption-attachment-6955\" style=\"width: 748px\" class=\"wp-caption aligncenter\"><img loading=\"lazy\" decoding=\"async\" class=\"wp-image-6955 size-full\" src=\"https:\/\/www.annejacqueminsablon.fr\/wp-content\/uploads\/2024\/08\/SBALPortrait.jpg\" alt=\"\" width=\"748\" height=\"1188\" srcset=\"https:\/\/www.annejacqueminsablon.fr\/wp-content\/uploads\/2024\/08\/SBALPortrait.jpg 748w, https:\/\/www.annejacqueminsablon.fr\/wp-content\/uploads\/2024\/08\/SBALPortrait-645x1024.jpg 645w, https:\/\/www.annejacqueminsablon.fr\/wp-content\/uploads\/2024\/08\/SBALPortrait-500x794.jpg 500w, https:\/\/www.annejacqueminsablon.fr\/wp-content\/uploads\/2024\/08\/SBALPortrait-640x1016.jpg 640w, https:\/\/www.annejacqueminsablon.fr\/wp-content\/uploads\/2024\/08\/SBALPortrait-320x508.jpg 320w, https:\/\/www.annejacqueminsablon.fr\/wp-content\/uploads\/2024\/08\/SBALPortrait-20x32.jpg 20w, https:\/\/www.annejacqueminsablon.fr\/wp-content\/uploads\/2024\/08\/SBALPortrait-600x953.jpg 600w\" sizes=\"auto, (max-width: 748px) 100vw, 748px\" \/><figcaption id=\"caption-attachment-6955\" class=\"wp-caption-text\">St\u00e9phanie Balini, Portrait &#8211; \u00a9 St\u00e9phanie Balini<\/figcaption><\/figure>\n","protected":false},"excerpt":{"rendered":"<p>Anne Jacquemin Sablon is delighted to announce its new collaboration with St\u00e9phanie Balini. St\u00e9phanie Balini is an artist and designer who graduated from the Arts D\u00e9coratifs de Paris and is based in Paris. Through her creations, St\u00e9phanie Balini has distinguished herself in various fields of excellence, such as traditional crystal and glass techniques, furniture cabinet-making,&hellip;<\/p>\n","protected":false},"author":2,"featured_media":6898,"comment_status":"closed","ping_status":"closed","sticky":false,"template":"","format":"standard","meta":{"_acf_changed":false,"footnotes":""},"categories":[194],"tags":[238],"class_list":["post-6951","post","type-post","status-publish","format-standard","has-post-thumbnail","hentry","category-partnership","tag-stephanie-balini-en"],"acf":[],"yoast_head":"<!-- This site is optimized with the Yoast SEO plugin v23.7 - https:\/\/yoast.com\/wordpress\/plugins\/seo\/ -->\n<title>St\u00e9phanie Balini - Anne Jacquemin Sablon<\/title>\n<meta name=\"description\" content=\"Anne Jacquemin Sablon is delighted to announce its new collaboration with St\u00e9phanie Balini.\" \/>\n<meta name=\"robots\" content=\"index, follow, max-snippet:-1, max-image-preview:large, max-video-preview:-1\" \/>\n<link rel=\"canonical\" href=\"https:\/\/www.annejacqueminsablon.fr\/en\/partnership\/stephanie-balini\/\" \/>\n<meta property=\"og:locale\" content=\"en_US\" \/>\n<meta property=\"og:type\" content=\"article\" \/>\n<meta property=\"og:title\" content=\"St\u00e9phanie Balini - Anne Jacquemin Sablon\" \/>\n<meta property=\"og:description\" content=\"Anne Jacquemin Sablon is delighted to announce its new collaboration with St\u00e9phanie Balini.\" \/>\n<meta property=\"og:url\" content=\"https:\/\/www.annejacqueminsablon.fr\/en\/partnership\/stephanie-balini\/\" \/>\n<meta property=\"og:site_name\" content=\"Anne Jacquemin Sablon\" \/>\n<meta property=\"article:published_time\" content=\"2024-08-20T11:02:24+00:00\" \/>\n<meta property=\"article:modified_time\" content=\"2024-12-20T14:57:01+00:00\" \/>\n<meta property=\"og:image\" content=\"https:\/\/www.annejacqueminsablon.fr\/wp-content\/uploads\/2024\/08\/Design-sans-titre1.png\" \/>\n\t<meta property=\"og:image:width\" content=\"1280\" \/>\n\t<meta property=\"og:image:height\" content=\"853\" \/>\n\t<meta property=\"og:image:type\" content=\"image\/png\" \/>\n<meta name=\"author\" content=\"Anne Jacquemin Sablon\" \/>\n<meta name=\"twitter:card\" content=\"summary_large_image\" \/>\n<meta name=\"twitter:label1\" content=\"Written by\" \/>\n\t<meta name=\"twitter:data1\" content=\"Anne Jacquemin Sablon\" \/>\n\t<meta name=\"twitter:label2\" content=\"Est. reading time\" \/>\n\t<meta name=\"twitter:data2\" content=\"2 minutes\" \/>\n<script type=\"application\/ld+json\" class=\"yoast-schema-graph\">{\"@context\":\"https:\/\/schema.org\",\"@graph\":[{\"@type\":\"WebPage\",\"@id\":\"https:\/\/www.annejacqueminsablon.fr\/en\/partnership\/stephanie-balini\/\",\"url\":\"https:\/\/www.annejacqueminsablon.fr\/en\/partnership\/stephanie-balini\/\",\"name\":\"St\u00e9phanie Balini - Anne Jacquemin Sablon\",\"isPartOf\":{\"@id\":\"https:\/\/www.annejacqueminsablon.fr\/#website\"},\"primaryImageOfPage\":{\"@id\":\"https:\/\/www.annejacqueminsablon.fr\/en\/partnership\/stephanie-balini\/#primaryimage\"},\"image\":{\"@id\":\"https:\/\/www.annejacqueminsablon.fr\/en\/partnership\/stephanie-balini\/#primaryimage\"},\"thumbnailUrl\":\"https:\/\/www.annejacqueminsablon.fr\/wp-content\/uploads\/2024\/08\/Design-sans-titre1.png\",\"datePublished\":\"2024-08-20T11:02:24+00:00\",\"dateModified\":\"2024-12-20T14:57:01+00:00\",\"author\":{\"@id\":\"https:\/\/www.annejacqueminsablon.fr\/#\/schema\/person\/57abc0b855a678011d82bf0b9d9ee50c\"},\"description\":\"Anne Jacquemin Sablon is delighted to announce its new collaboration with St\u00e9phanie Balini.\",\"breadcrumb\":{\"@id\":\"https:\/\/www.annejacqueminsablon.fr\/en\/partnership\/stephanie-balini\/#breadcrumb\"},\"inLanguage\":\"en-US\",\"potentialAction\":[{\"@type\":\"ReadAction\",\"target\":[\"https:\/\/www.annejacqueminsablon.fr\/en\/partnership\/stephanie-balini\/\"]}]},{\"@type\":\"ImageObject\",\"inLanguage\":\"en-US\",\"@id\":\"https:\/\/www.annejacqueminsablon.fr\/en\/partnership\/stephanie-balini\/#primaryimage\",\"url\":\"https:\/\/www.annejacqueminsablon.fr\/wp-content\/uploads\/2024\/08\/Design-sans-titre1.png\",\"contentUrl\":\"https:\/\/www.annejacqueminsablon.fr\/wp-content\/uploads\/2024\/08\/Design-sans-titre1.png\",\"width\":1280,\"height\":853},{\"@type\":\"BreadcrumbList\",\"@id\":\"https:\/\/www.annejacqueminsablon.fr\/en\/partnership\/stephanie-balini\/#breadcrumb\",\"itemListElement\":[{\"@type\":\"ListItem\",\"position\":1,\"name\":\"Home\",\"item\":\"https:\/\/www.annejacqueminsablon.fr\/\"},{\"@type\":\"ListItem\",\"position\":2,\"name\":\"St\u00e9phanie Balini\"}]},{\"@type\":\"WebSite\",\"@id\":\"https:\/\/www.annejacqueminsablon.fr\/#website\",\"url\":\"https:\/\/www.annejacqueminsablon.fr\/\",\"name\":\"Anne Jacquemin Sablon\",\"description\":\"Design d&#039;int\u00e9rieur, mobilier contemporain, arts d\u00e9coratifs\",\"potentialAction\":[{\"@type\":\"SearchAction\",\"target\":{\"@type\":\"EntryPoint\",\"urlTemplate\":\"https:\/\/www.annejacqueminsablon.fr\/?s={search_term_string}\"},\"query-input\":{\"@type\":\"PropertyValueSpecification\",\"valueRequired\":true,\"valueName\":\"search_term_string\"}}],\"inLanguage\":\"en-US\"},{\"@type\":\"Person\",\"@id\":\"https:\/\/www.annejacqueminsablon.fr\/#\/schema\/person\/57abc0b855a678011d82bf0b9d9ee50c\",\"name\":\"Anne Jacquemin Sablon\",\"image\":{\"@type\":\"ImageObject\",\"inLanguage\":\"en-US\",\"@id\":\"https:\/\/www.annejacqueminsablon.fr\/#\/schema\/person\/image\/\",\"url\":\"https:\/\/secure.gravatar.com\/avatar\/144f49b09af82e3ab4a1760a45f82d9353c85912e0cd6f91ea00f16091f3f8d1?s=96&d=mm&r=g\",\"contentUrl\":\"https:\/\/secure.gravatar.com\/avatar\/144f49b09af82e3ab4a1760a45f82d9353c85912e0cd6f91ea00f16091f3f8d1?s=96&d=mm&r=g\",\"caption\":\"Anne Jacquemin Sablon\"},\"url\":\"https:\/\/www.annejacqueminsablon.fr\/en\/author\/anne\/\"}]}<\/script>\n<!-- \/ Yoast SEO plugin. -->","yoast_head_json":{"title":"St\u00e9phanie Balini - Anne Jacquemin Sablon","description":"Anne Jacquemin Sablon is delighted to announce its new collaboration with St\u00e9phanie Balini.","robots":{"index":"index","follow":"follow","max-snippet":"max-snippet:-1","max-image-preview":"max-image-preview:large","max-video-preview":"max-video-preview:-1"},"canonical":"https:\/\/www.annejacqueminsablon.fr\/en\/partnership\/stephanie-balini\/","og_locale":"en_US","og_type":"article","og_title":"St\u00e9phanie Balini - Anne Jacquemin Sablon","og_description":"Anne Jacquemin Sablon is delighted to announce its new collaboration with St\u00e9phanie Balini.","og_url":"https:\/\/www.annejacqueminsablon.fr\/en\/partnership\/stephanie-balini\/","og_site_name":"Anne Jacquemin Sablon","article_published_time":"2024-08-20T11:02:24+00:00","article_modified_time":"2024-12-20T14:57:01+00:00","og_image":[{"width":1280,"height":853,"url":"https:\/\/www.annejacqueminsablon.fr\/wp-content\/uploads\/2024\/08\/Design-sans-titre1.png","type":"image\/png"}],"author":"Anne Jacquemin Sablon","twitter_card":"summary_large_image","twitter_misc":{"Written by":"Anne Jacquemin Sablon","Est. reading time":"2 minutes"},"schema":{"@context":"https:\/\/schema.org","@graph":[{"@type":"WebPage","@id":"https:\/\/www.annejacqueminsablon.fr\/en\/partnership\/stephanie-balini\/","url":"https:\/\/www.annejacqueminsablon.fr\/en\/partnership\/stephanie-balini\/","name":"St\u00e9phanie Balini - Anne Jacquemin Sablon","isPartOf":{"@id":"https:\/\/www.annejacqueminsablon.fr\/#website"},"primaryImageOfPage":{"@id":"https:\/\/www.annejacqueminsablon.fr\/en\/partnership\/stephanie-balini\/#primaryimage"},"image":{"@id":"https:\/\/www.annejacqueminsablon.fr\/en\/partnership\/stephanie-balini\/#primaryimage"},"thumbnailUrl":"https:\/\/www.annejacqueminsablon.fr\/wp-content\/uploads\/2024\/08\/Design-sans-titre1.png","datePublished":"2024-08-20T11:02:24+00:00","dateModified":"2024-12-20T14:57:01+00:00","author":{"@id":"https:\/\/www.annejacqueminsablon.fr\/#\/schema\/person\/57abc0b855a678011d82bf0b9d9ee50c"},"description":"Anne Jacquemin Sablon is delighted to announce its new collaboration with St\u00e9phanie Balini.","breadcrumb":{"@id":"https:\/\/www.annejacqueminsablon.fr\/en\/partnership\/stephanie-balini\/#breadcrumb"},"inLanguage":"en-US","potentialAction":[{"@type":"ReadAction","target":["https:\/\/www.annejacqueminsablon.fr\/en\/partnership\/stephanie-balini\/"]}]},{"@type":"ImageObject","inLanguage":"en-US","@id":"https:\/\/www.annejacqueminsablon.fr\/en\/partnership\/stephanie-balini\/#primaryimage","url":"https:\/\/www.annejacqueminsablon.fr\/wp-content\/uploads\/2024\/08\/Design-sans-titre1.png","contentUrl":"https:\/\/www.annejacqueminsablon.fr\/wp-content\/uploads\/2024\/08\/Design-sans-titre1.png","width":1280,"height":853},{"@type":"BreadcrumbList","@id":"https:\/\/www.annejacqueminsablon.fr\/en\/partnership\/stephanie-balini\/#breadcrumb","itemListElement":[{"@type":"ListItem","position":1,"name":"Home","item":"https:\/\/www.annejacqueminsablon.fr\/"},{"@type":"ListItem","position":2,"name":"St\u00e9phanie Balini"}]},{"@type":"WebSite","@id":"https:\/\/www.annejacqueminsablon.fr\/#website","url":"https:\/\/www.annejacqueminsablon.fr\/","name":"Anne Jacquemin Sablon","description":"Design d&#039;int\u00e9rieur, mobilier contemporain, arts d\u00e9coratifs","potentialAction":[{"@type":"SearchAction","target":{"@type":"EntryPoint","urlTemplate":"https:\/\/www.annejacqueminsablon.fr\/?s={search_term_string}"},"query-input":{"@type":"PropertyValueSpecification","valueRequired":true,"valueName":"search_term_string"}}],"inLanguage":"en-US"},{"@type":"Person","@id":"https:\/\/www.annejacqueminsablon.fr\/#\/schema\/person\/57abc0b855a678011d82bf0b9d9ee50c","name":"Anne Jacquemin Sablon","image":{"@type":"ImageObject","inLanguage":"en-US","@id":"https:\/\/www.annejacqueminsablon.fr\/#\/schema\/person\/image\/","url":"https:\/\/secure.gravatar.com\/avatar\/144f49b09af82e3ab4a1760a45f82d9353c85912e0cd6f91ea00f16091f3f8d1?s=96&d=mm&r=g","contentUrl":"https:\/\/secure.gravatar.com\/avatar\/144f49b09af82e3ab4a1760a45f82d9353c85912e0cd6f91ea00f16091f3f8d1?s=96&d=mm&r=g","caption":"Anne Jacquemin Sablon"},"url":"https:\/\/www.annejacqueminsablon.fr\/en\/author\/anne\/"}]}},"_links":{"self":[{"href":"https:\/\/www.annejacqueminsablon.fr\/en\/wp-json\/wp\/v2\/posts\/6951","targetHints":{"allow":["GET"]}}],"collection":[{"href":"https:\/\/www.annejacqueminsablon.fr\/en\/wp-json\/wp\/v2\/posts"}],"about":[{"href":"https:\/\/www.annejacqueminsablon.fr\/en\/wp-json\/wp\/v2\/types\/post"}],"author":[{"embeddable":true,"href":"https:\/\/www.annejacqueminsablon.fr\/en\/wp-json\/wp\/v2\/users\/2"}],"replies":[{"embeddable":true,"href":"https:\/\/www.annejacqueminsablon.fr\/en\/wp-json\/wp\/v2\/comments?post=6951"}],"version-history":[{"count":3,"href":"https:\/\/www.annejacqueminsablon.fr\/en\/wp-json\/wp\/v2\/posts\/6951\/revisions"}],"predecessor-version":[{"id":6958,"href":"https:\/\/www.annejacqueminsablon.fr\/en\/wp-json\/wp\/v2\/posts\/6951\/revisions\/6958"}],"wp:featuredmedia":[{"embeddable":true,"href":"https:\/\/www.annejacqueminsablon.fr\/en\/wp-json\/wp\/v2\/media\/6898"}],"wp:attachment":[{"href":"https:\/\/www.annejacqueminsablon.fr\/en\/wp-json\/wp\/v2\/media?parent=6951"}],"wp:term":[{"taxonomy":"category","embeddable":true,"href":"https:\/\/www.annejacqueminsablon.fr\/en\/wp-json\/wp\/v2\/categories?post=6951"},{"taxonomy":"post_tag","embeddable":true,"href":"https:\/\/www.annejacqueminsablon.fr\/en\/wp-json\/wp\/v2\/tags?post=6951"}],"curies":[{"name":"wp","href":"https:\/\/api.w.org\/{rel}","templated":true}]}}